{"id":4753,"date":"2019-01-16T13:10:19","date_gmt":"2019-01-16T11:10:19","guid":{"rendered":"http:\/\/www.kokkidojo.cz\/?p=4753"},"modified":"2019-01-16T19:31:35","modified_gmt":"2019-01-16T17:31:35","slug":"nekolik-fotek-z-historie-iaido-a-kendo-v-budejovicich","status":"publish","type":"post","link":"http:\/\/www.kokkidojo.cz\/?p=4753","title":{"rendered":"N\u011bkolik fotek z historie iaid\u00f3 a kend\u00f3 v Bud\u011bjovic\u00edch"},"content":{"rendered":"<p>V Jiho\u010desk\u00e9 v\u011bdeck\u00e9 knihovn\u011b jsem na\u0161el n\u011bkolik star\u0161\u00edch p\u0159\u00edsp\u011bvk\u016f k historii kend\u00f3 a iaid\u00f3 v \u010cesk\u00fdch Bud\u011bjovic\u00edch.<br \/>\nOd roku 1993 se po\u010dalo cvi\u010den\u00ed iaid\u00f3 a kend\u00f3 v \u010cesk\u00fdch Bud\u011bjovic\u00edch v odd\u00edle Fud\u00f3\u0161inkai, kde skupina kolem Vojt\u011bcha \u0160trejna a Vr\u00e1ti \u010cerven\u00e9ho, za vydatn\u00e9 pomoci karatist\u016f kolem pana Li\u0161ky nav\u00e1zala vztah s pra\u017esk\u00fdmi kendisty a iaidisty a za\u010dali se od bratr\u016f Hotovcov\u00fdch u\u010dit. \u010c\u00e1st t\u00e9to historie lze nal\u00e9zt na webu Fud\u00f3\u0161inkai\u00a0<a title=\"http:\/\/www.fudoshinkaicb.cz\/informace\/historie-oddilu\" href=\"http:\/\/www.fudoshinkaicb.cz\/informace\/historie-oddilu\" target=\"_blank\">http:\/\/www.fudoshinkaicb.cz\/informace\/historie-oddilu<\/a><\/p>\n<p>N\u011bkolik \u010dlen\u016f pozd\u011bj\u0161\u00edho Kokki d\u00f3d\u017e\u00f3 se d\u011bn\u00ed tak\u00e9 od po\u010d\u00e1tku \u00fa\u010dastnilo ( Hyndr\u00e1k, B\u0159ezina trochu pozd\u011bji\u00a0Kusevi\u010d, Bohdal a Jarda Adam ).<br \/>\nV roce 1995 tehdy 17.let\u00fd Vladim\u00edr Hyndr\u00e1k se v r\u00e1mci v\u00fdm\u011bnn\u00fdch pobyt\u016f vydal na ro\u010dn\u00ed studium na st\u0159edn\u00ed \u0161kolu do japonsk\u00e9 Curuoky (prefektura Jamagata). Zde se mimo st\u0159edo\u0161kolskou v\u00fduku v\u011bnoval cvi\u010den\u00ed kend\u00f3 ve st\u0159edo\u0161kolsk\u00e9m klubu pod panem As\u00f3 (7.dan kend\u00f3) a iaid\u00f3 \u0161kol ZNKR Seitei iai a Mus\u00f3 \u0161inden rj\u00fa pod panem Sait\u00f3 (6.dan iaid\u00f3).<\/p>\n<p>N\u011bkolik m\u011bs\u00edc\u016f po jeho n\u00e1vratu z Japonska vy\u0161el v \u010ceskobud\u011bjovick\u00fdch listech tento \u010dl\u00e1nek a fotografie (28.8.1996).<\/p>\n<p><a href=\"http:\/\/www.kokkidojo.cz\/?attachment_id=4773\" rel=\"attachment wp-att-4773\"><img loading=\"lazy\" decoding=\"async\" class=\"alignleft size-medium wp-image-4773\" title=\"\u010ceskobud\u011bjovick\u00e9 listy 28.8.1996\" src=\"http:\/\/www.kokkidojo.cz\/wp-content\/uploads\/2019\/01\/Screenshot_2019-01-08-Kramerius-5-\u010ceskobud\u011bjovick\u00e9-listy2-300x269.png\" alt=\"\u010ceskobud\u011bjovick\u00e9 listy 28.8.1996\" width=\"300\" height=\"269\" srcset=\"http:\/\/www.kokkidojo.cz\/wp-content\/uploads\/2019\/01\/Screenshot_2019-01-08-Kramerius-5-\u010ceskobud\u011bjovick\u00e9-listy2-300x269.png 300w, http:\/\/www.kokkidojo.cz\/wp-content\/uploads\/2019\/01\/Screenshot_2019-01-08-Kramerius-5-\u010ceskobud\u011bjovick\u00e9-listy2-150x134.png 150w, http:\/\/www.kokkidojo.cz\/wp-content\/uploads\/2019\/01\/Screenshot_2019-01-08-Kramerius-5-\u010ceskobud\u011bjovick\u00e9-listy2.png 850w\" sizes=\"auto, (max-width: 300px) 100vw, 300px\" \/><\/a><\/p>\n<p><a href=\"http:\/\/www.kokkidojo.cz\/?attachment_id=4774\" rel=\"attachment wp-att-4774\"><img loading=\"lazy\" decoding=\"async\" class=\"alignleft size-medium wp-image-4774\" title=\"\u010ceskobud\u011bjovick\u00e9 listy 28.8.1996\" src=\"http:\/\/www.kokkidojo.cz\/wp-content\/uploads\/2019\/01\/Screenshot_2019-01-08-Kramerius-5-\u010ceskobud\u011bjovick\u00e9-listy11-300x228.png\" alt=\"\u010ceskobud\u011bjovick\u00e9 listy 28.8.1996\" width=\"300\" height=\"228\" srcset=\"http:\/\/www.kokkidojo.cz\/wp-content\/uploads\/2019\/01\/Screenshot_2019-01-08-Kramerius-5-\u010ceskobud\u011bjovick\u00e9-listy11-300x228.png 300w, http:\/\/www.kokkidojo.cz\/wp-content\/uploads\/2019\/01\/Screenshot_2019-01-08-Kramerius-5-\u010ceskobud\u011bjovick\u00e9-listy11-150x114.png 150w, http:\/\/www.kokkidojo.cz\/wp-content\/uploads\/2019\/01\/Screenshot_2019-01-08-Kramerius-5-\u010ceskobud\u011bjovick\u00e9-listy11.png 548w\" sizes=\"auto, (max-width: 300px) 100vw, 300px\" \/><\/a><\/p>\n<p>Dal\u0161\u00ed fotografie je ze semin\u00e1\u0159e iaid\u00f3 v \u010cesk\u00fdch Bud\u011bjovic\u00edch z roku 2005 &#8211; \u010ceskobud\u011bjovick\u00e9 listy 30.9.2005 .<\/p>\n<p><a href=\"http:\/\/www.kokkidojo.cz\/?attachment_id=4756\" rel=\"attachment wp-att-4756\"><img loading=\"lazy\" decoding=\"async\" class=\"alignleft size-medium wp-image-4756\" title=\"\u010ceskobud\u011bjovick\u00e9 listy 30.9.2005\" src=\"http:\/\/www.kokkidojo.cz\/wp-content\/uploads\/2019\/01\/Screenshot_2019-01-08-Kramerius-5-\u010ceskobud\u011bjovick\u00e9-listy320050930-300x193.png\" alt=\"\u010ceskobud\u011bjovick\u00e9 listy 30.9.2005\" width=\"300\" height=\"193\" srcset=\"http:\/\/www.kokkidojo.cz\/wp-content\/uploads\/2019\/01\/Screenshot_2019-01-08-Kramerius-5-\u010ceskobud\u011bjovick\u00e9-listy320050930-300x193.png 300w, http:\/\/www.kokkidojo.cz\/wp-content\/uploads\/2019\/01\/Screenshot_2019-01-08-Kramerius-5-\u010ceskobud\u011bjovick\u00e9-listy320050930-150x96.png 150w, http:\/\/www.kokkidojo.cz\/wp-content\/uploads\/2019\/01\/Screenshot_2019-01-08-Kramerius-5-\u010ceskobud\u011bjovick\u00e9-listy320050930-1024x661.png 1024w, http:\/\/www.kokkidojo.cz\/wp-content\/uploads\/2019\/01\/Screenshot_2019-01-08-Kramerius-5-\u010ceskobud\u011bjovick\u00e9-listy320050930.png 1091w\" sizes=\"auto, (max-width: 300px) 100vw, 300px\" \/><\/a><br \/>\nNa sn\u00edmku lze vid\u011bt tehdy \u00fa\u010dastn\u00edky semin\u00e1\u0159e iaid\u00f3 po\u0159\u00e1dan\u00e9ho odd\u00edlem Fud\u00f3\u0161inkai \u010cesk\u00e9 Bud\u011bjovice. N\u011bkte\u0159\u00ed zachycen\u00ed iaidist\u00e9 jsou nyn\u00ed vedouc\u00edmi vlastn\u00edch d\u00f3d\u017e\u00f3 a dr\u017e\u00ed vy\u0161\u0161\u00ed technick\u00e9 stupn\u011b (Vladim\u00edr Hyndr\u00e1k, Tom\u00e1\u0161 Kyncl &#8211; oba 5.dan, Franti\u0161ek Pergler &#8211; 3.dan). Na fotce je tak\u00e9 Vladim\u00edr Hotovec, kter\u00fd spolu se sv\u00fdm bratrem Miloslavem pom\u00e1hal v\u00fdukou odd\u00edlu kend\u00f3 a iaid\u00f3 v \u010cesk\u00fdch Bud\u011bjovic\u00edch od roku 1993. Tak\u00e9 Rj\u00fa\u010dir\u00f3 Akai (mlad\u00fd japonsk\u00fd u\u010ditel) tehdy \u017eij\u00edc\u00ed v Bud\u011bjovic\u00edch. Robert Janovsk\u00fd (cel\u00fd v b\u00edl\u00e9m) &#8211; kendista nyn\u00ed l\u00e9ta \u017eij\u00edc\u00ed v Japonsku a tak\u00e9 se v\u011bnuje cest\u011b \u010daje \u0161koly Urasenke. Milan Stecker &#8211; v\u00fdrobce souprav japonsk\u00fdch me\u010d\u016f a jejich restaur\u00e1tor, Pavel Bolf &#8211; kov\u00e1\u0159\u00a0a v\u00fdrobce souprav japonsk\u00fdch me\u010d\u016f. Vojt\u011bch \u0160trejn vedouc\u00ed osoba Fud\u00f3\u0161inkai v Bud\u011bjovic\u00edch a pokra\u010duje v tradici p\u016fvodn\u00edho d\u00f3d\u017e\u00f3.<\/p>\n<p>Horn\u00ed \u0159ada zleva: Jaroslav Pavelka, Radek Kusevi\u010d, Martin Bohdal, Pavel Bolf, Tom\u00e1\u0161 Kyncl, Vladim\u00edr Hyndr\u00e1k, Robert Janovsk\u00fd<br \/>\nDoln\u00ed \u0159ada zleva: Milan Stecker, Vojt\u011bch \u0160trejn, Rj\u00fa\u010dir\u00f3 Akai, Vladim\u00edr Hotovec, nezn\u00e1m\u00fd, Franti\u0161ek Pergler<\/p>\n<p>N\u011bjak\u00e9 dal\u0161\u00ed p\u0159\u00edsp\u011bvky je\u0161t\u011b p\u0159ibudou \u010dasem.<\/p>\n<p>B\u0159\u00edza<\/p>\n","protected":false},"excerpt":{"rendered":"<p>V Jiho\u010desk\u00e9 v\u011bdeck\u00e9 knihovn\u011b jsem na\u0161el n\u011bkolik star\u0161\u00edch p\u0159\u00edsp\u011bvk\u016f k historii kend\u00f3 a iaid\u00f3 v \u010cesk\u00fdch Bud\u011bjovic\u00edch. Od roku 1993 se po\u010dalo cvi\u010den\u00ed iaid\u00f3 a kend\u00f3 v \u010cesk\u00fdch Bud\u011bjovic\u00edch v odd\u00edle Fud\u00f3\u0161inkai, kde skupina kolem Vojt\u011bcha \u0160trejna a Vr\u00e1ti \u010cerven\u00e9ho, za vydatn\u00e9 pomoci karatist\u016f kolem pana Li\u0161ky nav\u00e1zala vztah s pra\u017esk\u00fdmi kendisty a iaidisty a [&hellip;]<\/p>\n","protected":false},"author":3,"featured_media":0,"comment_status":"closed","ping_status":"closed","sticky":false,"template":"","format":"standard","meta":{"ngg_post_thumbnail":0,"footnotes":""},"categories":[12,10,11],"tags":[],"class_list":["post-4753","post","type-post","status-publish","format-standard","hentry","category-iaido","category-japonsko","category-kendo"],"_links":{"self":[{"href":"http:\/\/www.kokkidojo.cz\/index.php?rest_route=\/wp\/v2\/posts\/4753","targetHints":{"allow":["GET"]}}],"collection":[{"href":"http:\/\/www.kokkidojo.cz\/index.php?rest_route=\/wp\/v2\/posts"}],"about":[{"href":"http:\/\/www.kokkidojo.cz\/index.php?rest_route=\/wp\/v2\/types\/post"}],"author":[{"embeddable":true,"href":"http:\/\/www.kokkidojo.cz\/index.php?rest_route=\/wp\/v2\/users\/3"}],"replies":[{"embeddable":true,"href":"http:\/\/www.kokkidojo.cz\/index.php?rest_route=%2Fwp%2Fv2%2Fcomments&post=4753"}],"version-history":[{"count":65,"href":"http:\/\/www.kokkidojo.cz\/index.php?rest_route=\/wp\/v2\/posts\/4753\/revisions"}],"predecessor-version":[{"id":4826,"href":"http:\/\/www.kokkidojo.cz\/index.php?rest_route=\/wp\/v2\/posts\/4753\/revisions\/4826"}],"wp:attachment":[{"href":"http:\/\/www.kokkidojo.cz\/index.php?rest_route=%2Fwp%2Fv2%2Fmedia&parent=4753"}],"wp:term":[{"taxonomy":"category","embeddable":true,"href":"http:\/\/www.kokkidojo.cz\/index.php?rest_route=%2Fwp%2Fv2%2Fcategories&post=4753"},{"taxonomy":"post_tag","embeddable":true,"href":"http:\/\/www.kokkidojo.cz\/index.php?rest_route=%2Fwp%2Fv2%2Ftags&post=4753"}],"curies":[{"name":"wp","href":"https:\/\/api.w.org\/{rel}","templated":true}]}}