{"id":4584,"date":"2018-09-25T13:43:03","date_gmt":"2018-09-25T11:43:03","guid":{"rendered":"http:\/\/www.kokkidojo.cz\/?p=4584"},"modified":"2018-09-27T09:05:50","modified_gmt":"2018-09-27T07:05:50","slug":"prednaska-patrika-brablika-o-sakamoto-rjoma","status":"publish","type":"post","link":"http:\/\/www.kokkidojo.cz\/?p=4584","title":{"rendered":"P\u0159edn\u00e1\u0161ka Patrika Br\u00e1bl\u00edka o Sakamoto Rj\u00f3ma"},"content":{"rendered":"<p>V pond\u011bl\u00ed 24.09.2018 se v knihovn\u011b Na Sadech v \u010cesk\u00fdch Bud\u011bjovic\u00edch uskute\u010dnila p\u0159edn\u00e1\u0161ka Mgr. Patrika Br\u00e1bl\u00edka o japonsk\u00e9 historick\u00e9 osobnosti Sakamoto Rj\u00f3ma. Poutav\u00fdm zp\u016fsobem se Patrik Br\u00e1bl\u00edk b\u011bhem 80 minut pokusil n\u011bkolik m\u00e1lo p\u0159\u00edtomn\u00fdch sezn\u00e1mit s \u017eivotem Sakamoto Rj\u00f3my a ud\u00e1losti v jeho \u017eivot\u011b uk\u00e1zat v souvislostech doby p\u00e1du \u0161ogun\u00e1tu, n\u00e1zorov\u00e9 rozkoly ve spole\u010dnosti v ot\u00e1zce otev\u0159en\u00ed se Japonska cizinc\u016fm. Objasnil mimo jin\u00e9 jeho odkaz, jako\u017eto autora my\u0161lenek reforem japonsk\u00e9ho politick\u00e9ho uskupen\u00ed v Japonsku v p\u0159echodu od vl\u00e1dy \u0161ogun\u00e1tu k demokratick\u00e9mu uskupen\u00ed a n\u00e1vratu moci c\u00edsa\u0159e, vztah Rj\u00f3my a Kac\u00faa Kai\u0161\u00fa a dal\u0161\u00edch. Tak\u00e9 v\u00fdvoj osobnosti hrd\u00e9ho, bojovn\u00e9ho \u0161erm\u00ed\u0159e, &#8222;volnomy\u0161lenk\u00e1\u0159sk\u00e9ho&#8220;\u00a0a rebeluj\u00edc\u00edho samuraje z ni\u017e\u0161\u00edho postaven\u00ed k politikovi, sna\u017e\u00edc\u00edho se pokud mo\u017eno nen\u00e1silnou cestou o dobro a pot\u0159eby Japonska. Aspo\u0148 tak jsem z v\u00fdkladu toto pochopil.<\/p>\n<p>Koho by zaj\u00edmala osobnost Sakamota Rj\u00f3my, tak zde je odkaz na anglickou wikipedii\u00a0\u00a0<a title=\"https:\/\/en.wikipedia.org\/wiki\/Sakamoto_Ry%C5%8Dma\" href=\"https:\/\/en.wikipedia.org\/wiki\/Sakamoto_Ry%C5%8Dma\" target=\"_blank\">https:\/\/en.wikipedia.org\/wiki\/Sakamoto_Ry%C5%8Dma<\/a><\/p>\n<p>Kdo by m\u011bl z\u00e1jem o dal\u0161\u00ed p\u0159edn\u00e1\u0161ky k japonsk\u00e9 historii, tak od \u0159\u00edjna budou v sobotu dopoledne prob\u00edhat p\u0159edn\u00e1\u0161ky Patrika Br\u00e1bl\u00edka v prostorech jazykov\u00e9 \u0161koly Akai Kiku v \u010cesk\u00fdch Bud\u011bjovic\u00edch.\u00a0 V\u00edce info na:\u00a0<a title=\"https:\/\/www.facebook.com\/events\/2346365078714190\/\" href=\"https:\/\/www.facebook.com\/events\/2346365078714190\/\" target=\"_blank\">https:\/\/www.facebook.com\/events\/2346365078714190\/<\/a><\/p>\n<p>Briza<\/p>\n","protected":false},"excerpt":{"rendered":"<p>V pond\u011bl\u00ed 24.09.2018 se v knihovn\u011b Na Sadech v \u010cesk\u00fdch Bud\u011bjovic\u00edch uskute\u010dnila p\u0159edn\u00e1\u0161ka Mgr. Patrika Br\u00e1bl\u00edka o japonsk\u00e9 historick\u00e9 osobnosti Sakamoto Rj\u00f3ma. Poutav\u00fdm zp\u016fsobem se Patrik Br\u00e1bl\u00edk b\u011bhem 80 minut pokusil n\u011bkolik m\u00e1lo p\u0159\u00edtomn\u00fdch sezn\u00e1mit s \u017eivotem Sakamoto Rj\u00f3my a ud\u00e1losti v jeho \u017eivot\u011b uk\u00e1zat v souvislostech doby p\u00e1du \u0161ogun\u00e1tu, n\u00e1zorov\u00e9 rozkoly ve spole\u010dnosti v [&hellip;]<\/p>\n","protected":false},"author":3,"featured_media":0,"comment_status":"closed","ping_status":"closed","sticky":false,"template":"","format":"standard","meta":{"ngg_post_thumbnail":0,"footnotes":""},"categories":[4,5,10],"tags":[],"class_list":["post-4584","post","type-post","status-publish","format-standard","hentry","category-akce","category-historie","category-japonsko"],"_links":{"self":[{"href":"http:\/\/www.kokkidojo.cz\/index.php?rest_route=\/wp\/v2\/posts\/4584","targetHints":{"allow":["GET"]}}],"collection":[{"href":"http:\/\/www.kokkidojo.cz\/index.php?rest_route=\/wp\/v2\/posts"}],"about":[{"href":"http:\/\/www.kokkidojo.cz\/index.php?rest_route=\/wp\/v2\/types\/post"}],"author":[{"embeddable":true,"href":"http:\/\/www.kokkidojo.cz\/index.php?rest_route=\/wp\/v2\/users\/3"}],"replies":[{"embeddable":true,"href":"http:\/\/www.kokkidojo.cz\/index.php?rest_route=%2Fwp%2Fv2%2Fcomments&post=4584"}],"version-history":[{"count":10,"href":"http:\/\/www.kokkidojo.cz\/index.php?rest_route=\/wp\/v2\/posts\/4584\/revisions"}],"predecessor-version":[{"id":4614,"href":"http:\/\/www.kokkidojo.cz\/index.php?rest_route=\/wp\/v2\/posts\/4584\/revisions\/4614"}],"wp:attachment":[{"href":"http:\/\/www.kokkidojo.cz\/index.php?rest_route=%2Fwp%2Fv2%2Fmedia&parent=4584"}],"wp:term":[{"taxonomy":"category","embeddable":true,"href":"http:\/\/www.kokkidojo.cz\/index.php?rest_route=%2Fwp%2Fv2%2Fcategories&post=4584"},{"taxonomy":"post_tag","embeddable":true,"href":"http:\/\/www.kokkidojo.cz\/index.php?rest_route=%2Fwp%2Fv2%2Ftags&post=4584"}],"curies":[{"name":"wp","href":"https:\/\/api.w.org\/{rel}","templated":true}]}}