{"id":4406,"date":"2018-05-14T10:24:42","date_gmt":"2018-05-14T08:24:42","guid":{"rendered":"http:\/\/www.kokkidojo.cz\/?p=4406"},"modified":"2018-05-14T15:54:26","modified_gmt":"2018-05-14T13:54:26","slug":"mezinarodni-otevrene-mistrovstvi-rakouska-v-iaido-2018","status":"publish","type":"post","link":"http:\/\/www.kokkidojo.cz\/?p=4406","title":{"rendered":"Mezin\u00e1rodn\u00ed otev\u0159en\u00e9 mistrovstv\u00ed Rakouska v iaid\u00f3 2018"},"content":{"rendered":"<p>V sobotu 12.5.2018 jsme\u00a0 (Adam, B\u0159ezina, John a M\u00e1\u0161a) se z\u00fa\u010dastnili Mezin\u00e1rodn\u00edho otev\u0159en\u00e9ho mistrovstv\u00ed Rakouska v iaid\u00f3 v Linci na severu Rakouska. \u0160lo o v\u00fdlet do nezn\u00e1ma, o iaid\u00f3 pod EKF v Rakousku jsme toho moc nev\u011bd\u011bli, p\u0159edpokl\u00e1dali jsme, \u017ee mimo dom\u00e1c\u00edch iaidist\u016f by mohl p\u0159ijet je\u0161t\u011b n\u011bkdo jin\u00fd z \u010cech (jakmile jsem se o akci dozv\u011bd\u011bl, tak jsem to p\u0159epos\u00edlal d\u00e1le na vedouc\u00ed osoby iaid\u00f3 v \u010cR), snad i z N\u011bmecka a mo\u017en\u00e1 i z Ma\u010farska. V pozv\u00e1nce st\u00e1lo, \u017ee budou kategorie (v sobotu mudan, \u0161\u00f3dan, nidan, sandan) a v ned\u011bli taikai t\u00fdm\u016f (3.\u010dlenn\u00fd t\u00fdm &#8211; omezen\u00ed bylo na sou\u010det technick\u00fdch stup\u0148\u016f &#8211; max. 7) + zkou\u0161ky do 1.danu. U\u017e p\u0159edem jsme v\u011bd\u011bli, \u017ee se nez\u00fa\u010dastn\u00edme ned\u011bln\u00ed \u010d\u00e1sti, o to v\u011bt\u0161\u00ed chu\u0165 cvi\u010dit byla v sobotu.<\/p>\n<p>V Linzi nedaleko univerzitn\u00edho centra na severu m\u011bsta n\u00e1s p\u0159iv\u00edtalo n\u00e1dhern\u00e9 slune\u010dn\u00e9 letn\u00ed po\u010das\u00ed a tak\u00e9 hned Petr Stejskal z Nozomi Hradec Kr\u00e1lov\u00e9. Dal\u0161\u00ed zn\u00e1mou tv\u00e1\u0159\u00ed z \u010cech byl Tom\u00e1\u0161 Kyncl &#8211; u\u010ditel iaid\u00f3 z Kensei dojo v Praze, kter\u00fd byl pozv\u00e1n jako rozhod\u010d\u00ed. Potvrdil se n\u00e1\u0161 p\u0159edpoklad, \u017ee taikai se budou \u00fa\u010dastnit p\u0159edstavitel\u00e9 z N\u011bmecka a Rakouska, nicm\u00e9n\u011b n\u00e1rodnostn\u011b akce byla trochu v\u00edce r\u016fznorod\u00e1 (rakousk\u00e1 Japonka z Grazu, jeden jin\u00fd asijsk\u00fd Raku\u0161an, tak\u00e9 \u0161pan\u011blsky zn\u011bj\u00edc\u00ed jm\u00e9no m\u011bla jedna \u00fa\u010dastnice a z\u0159ejm\u011b jeden \u00fa\u010dastn\u00edk s kanadsk\u00fdm ob\u010danstv\u00edm &#8211; nicm\u00e9n\u011b v\u0161ichni n\u011bmecky plynn\u011b hovo\u0159\u00edc\u00ed). Rakou\u0161t\u00ed po\u0159adatel\u00e9 a n\u011bme\u010dt\u00ed rozhod\u010d\u00ed automaticky na mistrovstv\u00ed Rakouska za\u010dali hovo\u0159it anglicky kv\u016fli n\u00e1m 6 \u010cech\u016fm a v\u0161em to p\u0159i\u0161lo p\u0159irozen\u00e9. Cca 20 sout\u011b\u017e\u00edc\u00edch bylo rozd\u011bleno do t\u0159\u00ed kategori\u00ed ( mudan+\u0161\u00f3dan, nidan, sandan). V\u00fdb\u011br syst\u00e9mu sout\u011b\u017e\u00ed byl ud\u011bl\u00e1n tak, \u017ee byla jedna skupina v kategorii a v r\u00e1mci n\u00ed z\u00e1pasil ka\u017ed\u00fd s ka\u017ed\u00fdm. Po t\u00e9 prvn\u00ed 4 z tabulky postupovali d\u00e1le do vy\u0159azovac\u00edch boj\u016f. V kategorii druh\u00fdch dan\u016f, kde byli pouze 4 lid\u00e9 z\u00e1pasili dokonce 2x ka\u017ed\u00fd s ka\u017ed\u00fdm ve skupin\u011b (v druh\u00e9m kole cvi\u010dili jin\u00e1 kata ne\u017e v prvn\u00edm) a pak se je\u0161t\u011b utkali ve vy\u0159azovac\u00ed \u010d\u00e1sti. Ve v\u00fdsledku tento syst\u00e9m zp\u016fsobil, \u017ee ka\u017ed\u00fd m\u011bl mo\u017enost absolvovat alespo\u0148 6 z\u00e1pas\u016f. Tohle byl prvn\u00ed ukazatel, \u017ee takhle akce je koncipov\u00e1na pro \u00fa\u010dastn\u00edky taikai, aby pobrali co nejv\u00edce zku\u0161enost\u00ed.<\/p>\n<div id=\"attachment_4409\" style=\"width: 310px\" class=\"wp-caption alignleft\"><a href=\"http:\/\/www.kokkidojo.cz\/?attachment_id=4409\" rel=\"attachment wp-att-4409\"><img loading=\"lazy\" decoding=\"async\" aria-describedby=\"caption-attachment-4409\" class=\"size-medium wp-image-4409\" title=\"Shinpans\" src=\"http:\/\/www.kokkidojo.cz\/wp-content\/uploads\/2018\/05\/Shinpans-300x160.jpg\" alt=\"\" width=\"300\" height=\"160\" srcset=\"http:\/\/www.kokkidojo.cz\/wp-content\/uploads\/2018\/05\/Shinpans-300x160.jpg 300w, http:\/\/www.kokkidojo.cz\/wp-content\/uploads\/2018\/05\/Shinpans-150x80.jpg 150w, http:\/\/www.kokkidojo.cz\/wp-content\/uploads\/2018\/05\/Shinpans.jpg 960w\" sizes=\"auto, (max-width: 300px) 100vw, 300px\" \/><\/a><p id=\"caption-attachment-4409\" class=\"wp-caption-text\">rozhod\u010d\u00ed a z\u00e1stupce organiz\u00e1tor\u016f, od fotografky Manuela Hoflehner z Kend\u00f3 Linz<\/p><\/div>\n<div id=\"attachment_4408\" style=\"width: 310px\" class=\"wp-caption alignleft\"><a href=\"http:\/\/www.kokkidojo.cz\/?attachment_id=4408\" rel=\"attachment wp-att-4408\"><img loading=\"lazy\" decoding=\"async\" aria-describedby=\"caption-attachment-4408\" class=\"size-medium wp-image-4408\" title=\"SandanGroup\" src=\"http:\/\/www.kokkidojo.cz\/wp-content\/uploads\/2018\/05\/SandanGroup-300x190.jpg\" alt=\"\" width=\"300\" height=\"190\" srcset=\"http:\/\/www.kokkidojo.cz\/wp-content\/uploads\/2018\/05\/SandanGroup-300x190.jpg 300w, http:\/\/www.kokkidojo.cz\/wp-content\/uploads\/2018\/05\/SandanGroup-150x95.jpg 150w, http:\/\/www.kokkidojo.cz\/wp-content\/uploads\/2018\/05\/SandanGroup.jpg 960w\" sizes=\"auto, (max-width: 300px) 100vw, 300px\" \/><\/a><p id=\"caption-attachment-4408\" class=\"wp-caption-text\">v\u011bt\u0161ina \u00fa\u010dastn\u00edk\u016f ze skupiny 3.dan\u016f a 2.dan\u016f (od fotografky Manuela Hoflehner z Kend\u00f3 Linz)<\/p><\/div>\n<p>Druh\u00fdm ukazatelem bylo, \u017ee po skon\u010den\u00ed taikai jsme podle kategori\u00ed byli rozd\u011blen\u00ed do 3 skupin, kter\u00fdm se dv\u011b hodiny v\u011bnovali v\u017edy dva u\u010ditel\u00e9 (p\u0159edt\u00edm rozhod\u010d\u00ed) a \u010dlov\u011bk m\u011bl mo\u017enost dost\u00e1vat zp\u011btnou vazbu, p\u0159\u00edmo ke sv\u00e9mu proveden\u00ed iaid\u00f3.<\/p>\n<p>T\u0159et\u00edm ukazatelem, \u017ee akce je pro \u00fa\u010dastn\u00edky, bylo perfektn\u00ed organiz\u00e1torsk\u00e9 zvl\u00e1dnut\u00ed akce od p\u0159edstavitel\u016f Kendo Linz (angli\u010dtina jako hlavn\u00ed jazyk, pestr\u00e9 ob\u010derstven\u00ed v cen\u011b p\u0159ihl\u00e1\u0161ky po cel\u00e9 taikai, p\u0159\u00e1telsk\u00e9 prost\u0159ed\u00ed, t\u011blocvi\u010dna na rozcvi\u010dov\u00e1n\u00ed a t\u011blocvi\u010dna na taikai, zaji\u0161t\u011bn\u00ed zku\u0161en\u00fdch u\u010ditel\u016f\/rozhod\u010d\u00edch &#8211; v\u0161ichni byli z N\u011bmecka, mimo Tom\u00e1\u0161e Kyncla) ). Tak\u00e9 rakousk\u00fd iaidista Harald Goldner z Kendo Tirol, kter\u00fd startoval ve 3.danech, p\u0159ipravil syst\u00e9m sout\u011b\u017ee a z\u00e1rove\u0148 byl moder\u00e1torem sout\u011b\u017ee, m\u00e1 na \u00fasp\u011bchu akce lv\u00ed pod\u00edl. Mimochodem Harald je\u0161t\u011b stihl vybojovat 2.m\u00edsto v kategorii 3.dan\u016f. Takt\u00e9\u017e rozhod\u010d\u00ed a obsluha \u010dasom\u00edry a syst\u00e9mu sout\u011b\u017ee vydr\u017eeli cca 6 hodin s velmi mal\u00fdmi pauzami b\u00fdt pozorn\u00ed, rozhodovat a ud\u011blali tak pro na\u0161i mo\u017enost si zacvi\u010dit maximum, i kdy\u017e bylo venku n\u00e1dhern\u00e9 letn\u00ed po\u010das\u00ed, kter\u00e9 se d\u00e1 v n\u00e1dhern\u00e9m Linci tr\u00e1vit daleko l\u00e9pe (prohl\u00eddka star\u00e9ho m\u011bsta, honosn\u00e1 katedr\u00e1la Alter Dom, zoo, ochutn\u00e1vat Bosner Wurst (v Bosner Eck) nebo Linzer Torte, nav\u0161t\u00edvit m\u00edstn\u00ed pivovary, vyj\u00edt a d\u00edvat se z P\u00f6stlingberg nebo Donaublick na okol\u00ed, nav\u0161t\u00edvit nespo\u010det galeri\u00ed, sportov\u00e1n\u00ed po stezk\u00e1ch kolem Dunaje (b\u011bh, kolo, brusle), jet parn\u00edkem po Dunaji do Pasova nebo sm\u011br V\u00edde\u0148, nakupovat v Plus City v nedalek\u00e9m Paschingu, nebo s d\u011btma do Lolliparku takt\u00e9\u017e v Paschingu atd. ).<\/p>\n<p>Te\u010f k v\u00fdsledk\u016fm taikai: 1. m\u00edsto v prvn\u00edch danech vybojoval sv\u00fdm precizn\u00edm proveden\u00edm iai Petr Stejskal z Nozomi\u00a0Hradec Kr\u00e1lov\u00e9. V druh\u00fdch danech Jarda Adam (&#8222;\u010derstv\u00fd&#8220; dr\u017eitel 2.dan) od n\u00e1s absolvoval svoje prvn\u00ed taikai v t\u00e9to skupin\u011b, vyhr\u00e1l n\u011bkolik z\u00e1pas\u016f a skon\u010dil 3. Ve t\u0159et\u00edch danech vyhr\u00e1l velmi p\u0159esv\u011bd\u010div\u011b Venca M\u00e1\u0161a od n\u00e1s. Vyhr\u00e1l v\u0161ech 8 utk\u00e1n\u00ed (t\u00e9m\u011b\u0159 v\u0161e 3:0, jen jeden praporek 2:1 mu vzal Honza John v boj\u00edch ve skupin\u011b). Nakonec Honza John i Petr B\u0159ezina (oba z Kokki d\u00f3d\u017e\u00f3) shodn\u011b po \u010dty\u0159ech v\u00fdhr\u00e1ch a dvou prohr\u00e1ch ve skupin\u011b postoupili do vy\u0159azovac\u00edch boj\u016f, kde podlehli a skon\u010dili t\u0159et\u00ed.<\/p>\n<p>V \u010dl\u00e1nku je p\u00e1r fotek od n\u00e1s a od fotografky Manuela Hoflehner z Kend\u00f3 Linz. Spousta fotek je velmi hezk\u00fdch a p\u011bkn\u011b i netradi\u010dn\u011b zachycuj\u00edc\u00ed pr\u016fb\u011bh akce i okam\u017eiky ze z\u00e1pasen\u00ed. Je vid\u011bt, \u017ee m\u00e1 zku\u0161enosti s focen\u00edm kend\u00f3.<\/p>\n<p>Pro Honzu Johna a Vencu M\u00e1\u0161u bylo taikai p\u0159\u00edpravou na bl\u00ed\u017e\u00edc\u00ed se pokus usp\u011bt na zkou\u0161k\u00e1ch na 4.dan. Pro Jardu Adama zase nabyt\u00ed zku\u0161enost\u00ed, co je t\u0159eba upevnit a rozv\u00edjet pro slo\u017een\u00ed 3.danu za n\u011bkolik let. Pro Honzu Stejskala z Nozomi, kter\u00fd se chyst\u00e1 na slo\u017een\u00ed 2.danu v p\u0159\u00ed\u0161t\u00edch t\u00fddnech v Polsku, to bylo tak\u00e9 velmi p\u011bknou p\u0159\u00edpravou a utvrzen\u00edm, \u017ee by mohl slo\u017eit. J\u00e1 se dozv\u011bd\u011bl, co je v m\u00e9m cvi\u010den\u00ed Seitei iai t\u0159eba zlep\u0161it ( drobn\u00e9 detaily v Reih\u00f3, Furikaburi v U\u0161ir\u00f3, zved\u00e1n\u00ed\/pozice lev\u00e9 nohy v Ukenaga\u0161i, siln\u011bj\u0161\u00ed tnut\u00ed a leh\u010d\u00ed Cuki v Ropponme, lep\u0161\u00ed pozici D\u017e\u00f3dan v Sanp\u00f3giri, spr\u00e1vn\u00e9 Ukenaga\u0161i a lep\u0161\u00ed veden\u00ed me\u010de v sec\u00edch v S\u00f3giri &#8211; je toho v\u00edce ne\u017e dost &#8230;).<\/p>\n<div id=\"attachment_4411\" style=\"width: 310px\" class=\"wp-caption alignleft\"><a href=\"http:\/\/www.kokkidojo.cz\/?attachment_id=4411\" rel=\"attachment wp-att-4411\"><img loading=\"lazy\" decoding=\"async\" aria-describedby=\"caption-attachment-4411\" class=\"size-medium wp-image-4411\" title=\"JardaAdam\" src=\"http:\/\/www.kokkidojo.cz\/wp-content\/uploads\/2018\/05\/JardaAdam-300x225.jpg\" alt=\"\" width=\"300\" height=\"225\" srcset=\"http:\/\/www.kokkidojo.cz\/wp-content\/uploads\/2018\/05\/JardaAdam-300x225.jpg 300w, http:\/\/www.kokkidojo.cz\/wp-content\/uploads\/2018\/05\/JardaAdam-150x112.jpg 150w, http:\/\/www.kokkidojo.cz\/wp-content\/uploads\/2018\/05\/JardaAdam.jpg 960w\" sizes=\"auto, (max-width: 300px) 100vw, 300px\" \/><\/a><p id=\"caption-attachment-4411\" class=\"wp-caption-text\">Jarda Adam prov\u00e1d\u00ed techniku Kesagiri<\/p><\/div>\n<div id=\"attachment_4412\" style=\"width: 310px\" class=\"wp-caption alignleft\"><a href=\"http:\/\/www.kokkidojo.cz\/?attachment_id=4412\" rel=\"attachment wp-att-4412\"><img loading=\"lazy\" decoding=\"async\" aria-describedby=\"caption-attachment-4412\" class=\"size-medium wp-image-4412\" title=\"Ukenagashi in semifinal - od fotografky Manuela Hoflehner z Kend\u00f3 Linz\" src=\"http:\/\/www.kokkidojo.cz\/wp-content\/uploads\/2018\/05\/UkenagashiSemifinal-300x199.jpg\" alt=\"\" width=\"300\" height=\"199\" srcset=\"http:\/\/www.kokkidojo.cz\/wp-content\/uploads\/2018\/05\/UkenagashiSemifinal-300x199.jpg 300w, http:\/\/www.kokkidojo.cz\/wp-content\/uploads\/2018\/05\/UkenagashiSemifinal-150x99.jpg 150w, http:\/\/www.kokkidojo.cz\/wp-content\/uploads\/2018\/05\/UkenagashiSemifinal.jpg 960w\" sizes=\"auto, (max-width: 300px) 100vw, 300px\" \/><\/a>Ukenaga\u0161i v semifin\u00e1le &#8211; M\u00e1\u0161a vzadu vs. B\u0159ezina &#8211; M\u00e1\u0161a zv\u00edt\u011bzil 3:0 &#8211; od fotografky Manuela Hoflehner z Kend\u00f3 Linz<\/dt>\n<\/dl>\n<\/div>\n<p>R\u00e1d bych je\u0161t\u011b napsal n\u00e1sleduj\u00edc\u00ed. Op\u011bt (po Braunschweigu\/Brun\u0161viku p\u0159ed dv\u011bma lety) jsme se p\u0159esv\u011bd\u010dili, \u017ee v n\u011bmecky mluv\u00edc\u00edch zem\u00edch se d\u011blaj\u00ed velmi p\u011bkn\u00e9 akce iaid\u00f3, a\u010d n\u00e1mi z \u010cech mimo akci v n\u011bmeck\u00e9m Villingenu nejsou moc nav\u0161t\u011bvovan\u00e9. Na akc\u00edch nen\u00ed tak velk\u00fd po\u010det lid\u00ed. Je zde v\u00edce u\u010ditel\u016f s vysok\u00fdm stupn\u011bm na \u00fa\u010dastn\u00edka, tak\u017ee je v\u011bt\u0161\u00ed \u0161ance se v\u00edce dozv\u011bd\u011bt p\u0159ipom\u00ednky pr\u00e1v\u011b ke sv\u00e9mu iai. Je zde v\u011bt\u0161\u00ed mo\u017enost se setkat s u\u010diteli s 5. a 6.dany (je jich daleko v\u00edce ne\u017e v \u010cech\u00e1ch). Jsou velmi p\u0159\u00e1tel\u0161t\u00ed a otev\u0159en\u00ed. Hodn\u011b z nich m\u00e1 japonsk\u00e9 u\u010ditele a jejich proveden\u00ed iaid\u00f3 je bl\u00edzk\u00e9 tomu, jak cvi\u010d\u00edme v Kokki d\u00f3d\u017e\u00f3 vlivem Vl\u00e1di Hyndr\u00e1ka a pana Harady. Je zde \u0161ance si hodn\u011b zacvi\u010dit a v\u00edce se zlep\u0161it. My &#8222;\u00fa\u010dastn\u00edci z\u00e1jezdu&#8220; z Kokki dod\u017e\u00f3 jsme se shodli, \u017ee se budeme za rok sna\u017eit op\u011bt p\u0159ijet a r\u00e1di bychom v\u00edce nav\u0161t\u011bvovali n\u011bjak\u00e9 semin\u00e1\u0159e nebo taikai v Rakousku nebo N\u011bmecku. Poloha Bud\u011bjc je k tomu naklon\u011bna a na\u0161e zku\u0161enosti z t\u011bchto akc\u00ed tak\u00e9.<\/p>\n<p>Na \u00fapln\u00fd z\u00e1v\u011br je\u0161t\u011b jedna v\u011bc. D\u00e1 se \u0159\u00edc\u00ed, \u017ee jsme se sezn\u00e1mili a nav\u00e1zali kontakty na iaidisty z Rakouska a \u017ee by mohlo b\u00fdt p\u011bkn\u00e9 je zv\u00e1t a potkat na n\u011bjak\u00e9m semin\u00e1\u0159i v \u010cesk\u00fdch Bud\u011bjovic\u00edch \u010di okol\u00ed, jist\u011b se n\u011bkdo p\u0159\u00edpadn\u011b nebude divit, kdy\u017e na semin\u00e1\u0159i bude sly\u0161et v\u00edce \u010di m\u00e9n\u011b angli\u010dtina nebo n\u011bm\u010dina vedle \u010de\u0161tiny. Dozv\u011bd\u011bli jsme se tak\u00e9, \u017ee ve skupin\u011b Kend\u00f3 Linz je \u010d\u00e1st iaidist\u016f, kte\u0159\u00ed maj\u00ed japonsk\u00e9ho u\u010ditele z oblasti Osaky a u\u010d\u00ed se od n\u011bho mimo kend\u00f3 tak\u00e9 iaid\u017eucu Kj\u00f3\u0161in rj\u00fa (vedouc\u00edmi osobami v Linzi jsou Cornelius Praxmarer a Christine H\u00f6lzl). Jezd\u00ed za n\u00edm a jednou do roka tak\u00e9 pan u\u010ditel jezd\u00ed do Lince.<\/p>\n<div class=\"mceTemp\">\n<dl id=\"attachment_4410\" class=\"wp-caption alignleft\" style=\"width: 310px;\">\n<dt class=\"wp-caption-dt\"><a href=\"http:\/\/www.kokkidojo.cz\/?attachment_id=4410\" rel=\"attachment wp-att-4410\"><img loading=\"lazy\" decoding=\"async\" aria-describedby=\"caption-attachment-4412\" class=\"size-medium wp-image-4410\" title=\"John\" src=\"http:\/\/www.kokkidojo.cz\/wp-content\/uploads\/2018\/05\/John-300x192.jpg\" alt=\"\" width=\"300\" height=\"192\" srcset=\"http:\/\/www.kokkidojo.cz\/wp-content\/uploads\/2018\/05\/John-300x192.jpg 300w, http:\/\/www.kokkidojo.cz\/wp-content\/uploads\/2018\/05\/John-150x96.jpg 150w, http:\/\/www.kokkidojo.cz\/wp-content\/uploads\/2018\/05\/John.jpg 960w\" sizes=\"auto, (max-width: 300px) 100vw, 300px\" \/><\/a><p id=\"caption-attachment-4412\" class=\"wp-caption-text\">Honza John od fotografky Manuela Hoflehner z Kend\u00f3 Linz<\/p><\/div>\n<div id=\"attachment_4413\" style=\"width: 310px\" class=\"wp-caption alignleft\"><a href=\"http:\/\/www.kokkidojo.cz\/?attachment_id=4413\" rel=\"attachment wp-att-4413\"><img loading=\"lazy\" decoding=\"async\" aria-describedby=\"caption-attachment-4413\" class=\"size-medium wp-image-4413\" title=\"Masa\" src=\"http:\/\/www.kokkidojo.cz\/wp-content\/uploads\/2018\/05\/Masa-300x140.jpg\" alt=\"\" width=\"300\" height=\"140\" srcset=\"http:\/\/www.kokkidojo.cz\/wp-content\/uploads\/2018\/05\/Masa-300x140.jpg 300w, http:\/\/www.kokkidojo.cz\/wp-content\/uploads\/2018\/05\/Masa-150x70.jpg 150w, http:\/\/www.kokkidojo.cz\/wp-content\/uploads\/2018\/05\/Masa.jpg 960w\" sizes=\"auto, (max-width: 300px) 100vw, 300px\" \/><\/a><p id=\"caption-attachment-4413\" class=\"wp-caption-text\">Venca M\u00e1\u0161a od fotografky Manuela Hoflehner z Kend\u00f3 Linz<\/p><\/div>\n<div id=\"attachment_4414\" style=\"width: 235px\" class=\"wp-caption alignnone\"><a href=\"http:\/\/www.kokkidojo.cz\/?attachment_id=4414\" rel=\"attachment wp-att-4414\"><img loading=\"lazy\" decoding=\"async\" aria-describedby=\"caption-attachment-4414\" class=\"size-medium wp-image-4414 \" title=\"Kokki_Stejskal\" src=\"http:\/\/www.kokkidojo.cz\/wp-content\/uploads\/2018\/05\/Kokki+Stejskal-225x300.jpg\" alt=\"\" width=\"225\" height=\"300\" srcset=\"http:\/\/www.kokkidojo.cz\/wp-content\/uploads\/2018\/05\/Kokki+Stejskal-225x300.jpg 225w, http:\/\/www.kokkidojo.cz\/wp-content\/uploads\/2018\/05\/Kokki+Stejskal-112x150.jpg 112w, http:\/\/www.kokkidojo.cz\/wp-content\/uploads\/2018\/05\/Kokki+Stejskal-768x1024.jpg 768w, http:\/\/www.kokkidojo.cz\/wp-content\/uploads\/2018\/05\/Kokki+Stejskal.jpg 984w\" sizes=\"auto, (max-width: 225px) 100vw, 225px\" \/><\/a><p id=\"caption-attachment-4414\" class=\"wp-caption-text\">Petr Stejskal z Nozomi s n\u00e1ma z Kokki d\u00f3d\u017e\u00f3<\/p><\/div>\n<p><a href=\"http:\/\/www.kokkidojo.cz\/?attachment_id=4415\" rel=\"attachment wp-att-4415\"><img loading=\"lazy\" decoding=\"async\" class=\"size-medium wp-image-4415\" title=\"SpolecneFoto\" src=\"http:\/\/www.kokkidojo.cz\/wp-content\/uploads\/2018\/05\/SpolecneFoto-300x108.jpg\" alt=\"\" width=\"300\" height=\"108\" srcset=\"http:\/\/www.kokkidojo.cz\/wp-content\/uploads\/2018\/05\/SpolecneFoto-300x108.jpg 300w, http:\/\/www.kokkidojo.cz\/wp-content\/uploads\/2018\/05\/SpolecneFoto-150x54.jpg 150w, http:\/\/www.kokkidojo.cz\/wp-content\/uploads\/2018\/05\/SpolecneFoto.jpg 735w\" sizes=\"auto, (max-width: 300px) 100vw, 300px\" \/><\/a><\/p>\n<div class=\"mceTemp\">\n<dl id=\"attachment_4415\" class=\"wp-caption alignleft\" style=\"width: 310px;\">\n<dd class=\"wp-caption-dd\">Spole\u010dn\u00e9 foto (od fotografky Manuela Hoflehner z Kend\u00f3 Linz)<\/dd>\n<\/dl>\n<\/div>\n<p>&nbsp;<\/p>\n<p>&nbsp;<\/p>\n<p>&nbsp;<\/p>\n<p>D\u00edky na\u0161im rodin\u00e1m (man\u017eelk\u00e1m a d\u011btem), \u017ee n\u00e1s v tento p\u011bkn\u00fd den o\u017eeleli a pustili n\u00e1s jet na taikai do Lince.<\/p>\n<p>V\u00edce fotografi\u00ed je k vid\u011bn\u00ed ve fotogalerie od fotografky Manuela Hoflehner z Kend\u00f3 Linz. Pou\u017eit\u00ed jej\u00edch fotografi\u00ed u n\u00e1s na webu n\u00e1m povolila a my j\u00ed za to d\u011bkujeme.<br \/>\n<a title=\"Fotogalerie od Manuela Hoflehner z Kend\u00f3 Linz\" href=\"https:\/\/www.facebook.com\/media\/set\/?set=ms.c.eJxFVUmSRSEMulGXmfX~_F~_t68MUtlQFIouYeUTOZ2eYVf0agj5nP8foBYWXmO~_YI6JlTK1PAZkRfwAdAj4CNlHAB52vbZ18gmFJKiUNAPDIJLAGDonapRxmKPh6ViFgCmkWfuPki8mxFTBOQuA2DOtXlFICn5YC6n0s9lxNwAYMUXwIo3678NIjzrQgjD5mcHgBiHoCUMQHsslQjDCl~_BLBLv4hixPUjE~_Jqi3qSh4lHYtie17EspoxSin48pnUIqEtDy36OdRFQBMewNYacjS4pLXMYIfl7A3g8zkLbpRoHfuy~_NWotFPURAIPsLAHGiKu2bKGGtrCMWlI1jH7Y5VGODaoVAiguUgC1xNXy7WW25eMRkJ9b1OMQuBtUHNTWoCoZMYoogzhtchWLPj84KNOgqpkSSmlM354fswioLU~%3BMtFI1jS4lcZspj~_mGyamVqs0xmORvttUhf0QBiNhx1HjUz~%3Bc65PSN6IUxpD~_AxPwSawOxpaVrwyavubNtPmyrHwCTQ~_9YB7Zw3B~_AlLrUO42AeBTb6tS7sKezjgAwDZ36dy6IUA3YZ9Hqwoet9wMCEaUuQy0mLRtb2K~%3BLwXmEDrlpcsjkPpTvV~%3B4snEfrhRkeUGhhxgz~%3By9aHg6dvjp6~_4dPX8mN4QCG1442UVls~_faGnb3hArgOahBbfIwAmtx0BG0W1hVNM0fSnnMCVP021r207auhvmA4C19PBvczx~%3BAc2d4Ha.bps.a.1223353114461716.1073742070.183173545146350&amp;type=1\" target=\"_blank\">https:\/\/www.facebook.com\/media\/set\/?set=ms.c.eJxFVUmSRSEMulGXmfX~_F~_t68MUtlQFIouYeUTOZ2eYVf0agj5nP8foBYWXmO~_YI6JlTK1PAZkRfwAdAj4CNlHAB52vbZ18gmFJKiUNAPDIJLAGDonapRxmKPh6ViFgCmkWfuPki8mxFTBOQuA2DOtXlFICn5YC6n0s9lxNwAYMUXwIo3678NIjzrQgjD5mcHgBiHoCUMQHsslQjDCl~_BLBLv4hixPUjE~_Jqi3qSh4lHYtie17EspoxSin48pnUIqEtDy36OdRFQBMewNYacjS4pLXMYIfl7A3g8zkLbpRoHfuy~_NWotFPURAIPsLAHGiKu2bKGGtrCMWlI1jH7Y5VGODaoVAiguUgC1xNXy7WW25eMRkJ9b1OMQuBtUHNTWoCoZMYoogzhtchWLPj84KNOgqpkSSmlM354fswioLU~%3BMtFI1jS4lcZspj~_mGyamVqs0xmORvttUhf0QBiNhx1HjUz~%3Bc65PSN6IUxpD~_AxPwSawOxpaVrwyavubNtPmyrHwCTQ~_9YB7Zw3B~_AlLrUO42AeBTb6tS7sKezjgAwDZ36dy6IUA3YZ9Hqwoet9wMCEaUuQy0mLRtb2K~%3BLwXmEDrlpcsjkPpTvV~%3B4snEfrhRkeUGhhxgz~%3By9aHg6dvjp6~_4dPX8mN4QCG1442UVls~_faGnb3hArgOahBbfIwAmtx0BG0W1hVNM0fSnnMCVP021r207auhvmA4C19PBvczx~%3BAc2d4Ha.bps.a.1223353114461716.1073742070.183173545146350&amp;type=1<\/a><\/p>\n<p>Str\u00e1nka Kend\u00f3 Linz &#8211; sekce iaid\u00f3:<br \/>\n<a title=\"http:\/\/www.kendolinz.org\/iaido\" href=\"http:\/\/www.kendolinz.org\/iaido\" target=\"_blank\">http:\/\/www.kendolinz.org\/iaido<\/a><\/p>\n<p>Str\u00e1nka Rakousk\u00e9 federace kend\u00f3, kde se daj\u00ed vid\u011bt v kalend\u00e1\u0159i jejich akce:<br \/>\n<a title=\"http:\/\/www.kendo-austria.at\/\" href=\"http:\/\/www.kendo-austria.at\/\" target=\"_blank\">http:\/\/www.kendo-austria.at\/<\/a><\/p>\n<p>Tak t\u0159eba n\u011bkdy na n\u011bjak\u00e9 akci iaid\u00f3 v Rakousku. Bude se v\u00e1m jist\u011b l\u00edbit.<br \/>\nB\u0159\u00edza<\/p>\n","protected":false},"excerpt":{"rendered":"<p>V sobotu 12.5.2018 jsme\u00a0 (Adam, B\u0159ezina, John a M\u00e1\u0161a) se z\u00fa\u010dastnili Mezin\u00e1rodn\u00edho otev\u0159en\u00e9ho mistrovstv\u00ed Rakouska v iaid\u00f3 v Linci na severu Rakouska. \u0160lo o v\u00fdlet do nezn\u00e1ma, o iaid\u00f3 pod EKF v Rakousku jsme toho moc nev\u011bd\u011bli, p\u0159edpokl\u00e1dali jsme, \u017ee mimo dom\u00e1c\u00edch iaidist\u016f by mohl p\u0159ijet je\u0161t\u011b n\u011bkdo jin\u00fd z \u010cech (jakmile jsem se o [&hellip;]<\/p>\n","protected":false},"author":3,"featured_media":0,"comment_status":"closed","ping_status":"closed","sticky":false,"template":"","format":"standard","meta":{"ngg_post_thumbnail":0,"footnotes":""},"categories":[4,3,12,14],"tags":[],"class_list":["post-4406","post","type-post","status-publish","format-standard","hentry","category-akce","category-galerie","category-iaido","category-znkr-seitei-iai"],"_links":{"self":[{"href":"http:\/\/www.kokkidojo.cz\/index.php?rest_route=\/wp\/v2\/posts\/4406","targetHints":{"allow":["GET"]}}],"collection":[{"href":"http:\/\/www.kokkidojo.cz\/index.php?rest_route=\/wp\/v2\/posts"}],"about":[{"href":"http:\/\/www.kokkidojo.cz\/index.php?rest_route=\/wp\/v2\/types\/post"}],"author":[{"embeddable":true,"href":"http:\/\/www.kokkidojo.cz\/index.php?rest_route=\/wp\/v2\/users\/3"}],"replies":[{"embeddable":true,"href":"http:\/\/www.kokkidojo.cz\/index.php?rest_route=%2Fwp%2Fv2%2Fcomments&post=4406"}],"version-history":[{"count":94,"href":"http:\/\/www.kokkidojo.cz\/index.php?rest_route=\/wp\/v2\/posts\/4406\/revisions"}],"predecessor-version":[{"id":4422,"href":"http:\/\/www.kokkidojo.cz\/index.php?rest_route=\/wp\/v2\/posts\/4406\/revisions\/4422"}],"wp:attachment":[{"href":"http:\/\/www.kokkidojo.cz\/index.php?rest_route=%2Fwp%2Fv2%2Fmedia&parent=4406"}],"wp:term":[{"taxonomy":"category","embeddable":true,"href":"http:\/\/www.kokkidojo.cz\/index.php?rest_route=%2Fwp%2Fv2%2Fcategories&post=4406"},{"taxonomy":"post_tag","embeddable":true,"href":"http:\/\/www.kokkidojo.cz\/index.php?rest_route=%2Fwp%2Fv2%2Ftags&post=4406"}],"curies":[{"name":"wp","href":"https:\/\/api.w.org\/{rel}","templated":true}]}}