{"id":4229,"date":"2018-01-07T16:26:18","date_gmt":"2018-01-07T14:26:18","guid":{"rendered":"http:\/\/www.kokkidojo.cz\/?p=4229"},"modified":"2018-01-08T12:08:35","modified_gmt":"2018-01-08T10:08:35","slug":"prvni-cviceni-v-roce-2018","status":"publish","type":"post","link":"http:\/\/www.kokkidojo.cz\/?p=4229","title":{"rendered":"Prvn\u00ed cvi\u010den\u00ed v roce 2018"},"content":{"rendered":"<p>7.1.2018 v ned\u011bli dopoledne jsme se se\u0161li k lehce slavnostn\u00edmu prvn\u00edmu spole\u010dn\u00e9mu cvi\u010den\u00ed v roce 2018.<\/p>\n<p>P\u0159ed 10.hodinou dopoledne se n\u00e1s se\u0161lo celkem sedm v t\u011blocvi\u010dn\u011b Sokola Bor\u0161ov. T\u0159i iaidist\u00e9 z Bu\u010f\u011bjc, ostatn\u00ed p\u0159espoln\u00ed &#8211; \u010cesk\u00fd Krumlov, Chlum u T\u0159ebon\u011b, Praha\/Hlubok\u00e1 nad Vltavou a Trocnov. V\u0161ichni jsou \u010dleny Kokki d\u00f3d\u017e\u00f3. N\u011bkolik dal\u0161\u00edch \u010dlen\u016f z rodinn\u00fdch \u010di jin\u00fdch d\u016fvod\u016f nedorazilo.<\/p>\n<p>P\u0159evlekli jsme se do iaid\u00f3gi, um\u00edstili jsme kaligrafie a kv\u011btiny na \u010destn\u00e9 m\u00edsto a t\u00e9\u017e vyt\u0159eli podlahu. T\u00edm se z t\u011blocvi\u010dny, kde na s\u0165\u011bn\u011b vis\u00ed sokolsk\u00e9 motto &#8222;Tu\u017eme se&#8220;, stalo na\u0161e iaid\u00f3 d\u00f3d\u017e\u00f3. Spole\u010dn\u011b jsme provedli reih\u00f3, rozcvi\u010dili se sami. Pro nadch\u00e1zej\u00edc\u00ed hodinov\u00e9 voln\u00e9 cvi\u010den\u00ed iaid\u00f3 waza jsme od Vl\u00e1di obdr\u017eeli instrukci, \u017ee dnes nem\u00e1me p\u0159i cvi\u010den\u00ed hodnotit sv\u00e9 proveden\u00ed waza, ale nechat na\u0161e my\u0161len\u00ed spojit se s me\u010dem a intezivn\u011b cvi\u010dit.<\/p>\n<p>Ka\u017ed\u00fd cvi\u010dil waza ze ZNKR Seitei iai nebo Mus\u00f3 \u0161inden rj\u00fa, kter\u00e1 znal. Po voln\u00e9m cvi\u010den\u00ed na \u00fapln\u00fd z\u00e1v\u011br n\u00e1sledovalo enbu, kdy ka\u017ed\u00fd z n\u00e1s p\u0159ed ostatn\u00edmi zacvi\u010dil jedno waza dle sv\u00e9ho v\u00fdb\u011bru. T\u00edm skon\u010dila \u010d\u00e1st cvi\u010den\u00ed iaid\u00f3. Stihlo se je\u0161t\u011b po\u0159\u00edzen\u00ed tradi\u010dn\u00edho pam\u00e1te\u010dn\u00e9ho fota v\u0161ech \u00fa\u010dastn\u00edk\u016f. Pop\u0159\u00e1li jsme si do roku 2018 v\u0161e dobr\u00e9 a b\u011bhem p\u0159evl\u00edk\u00e1n\u00ed probrali \u00fa\u010dast na nast\u00e1vaj\u00edc\u00edch akc\u00edch iaid\u00f3 v \u010cR a bl\u00edzk\u00e9m okol\u00ed. D\u00f3d\u017e\u00f3 jsme op\u011bt p\u0159em\u011bnili na t\u011blocvi\u010dnu, \u010dtvrt hodiny p\u0159ed polednem jsme ji opustili a vydali se dom\u016f. Nov\u00fd cvi\u010debn\u00ed rok byl zah\u00e1jen.<\/p>\n<p>Za \u010dleny Kokki d\u00f3d\u017e\u00f3 p\u0159eji v\u0161em, kdo \u010dte tento text, aby rok 2018 v\u00e1s prov\u00e1zela osobn\u00ed spokojenost a dr\u017eelo se v\u00e1s pevn\u00e9 zdrav\u00ed.<\/p>\n<p>Briza<\/p>\n<p>Spole\u010dn\u00e1 fotka z\u00fa\u010dastn\u011bn\u00fdch<\/p>\n<p><a href=\"http:\/\/www.kokkidojo.cz\/?attachment_id=4241\" rel=\"attachment wp-att-4241\"><img loading=\"lazy\" decoding=\"async\" class=\"size-medium wp-image-4241 alignnone\" title=\"2018_1\" src=\"http:\/\/www.kokkidojo.cz\/wp-content\/uploads\/2018\/01\/m31-300x236.jpg\" alt=\"\" width=\"300\" height=\"236\" srcset=\"http:\/\/www.kokkidojo.cz\/wp-content\/uploads\/2018\/01\/m31-300x236.jpg 300w, http:\/\/www.kokkidojo.cz\/wp-content\/uploads\/2018\/01\/m31-150x118.jpg 150w, http:\/\/www.kokkidojo.cz\/wp-content\/uploads\/2018\/01\/m31.jpg 794w\" sizes=\"auto, (max-width: 300px) 100vw, 300px\" \/><\/a><\/p>\n","protected":false},"excerpt":{"rendered":"<p>7.1.2018 v ned\u011bli dopoledne jsme se se\u0161li k lehce slavnostn\u00edmu prvn\u00edmu spole\u010dn\u00e9mu cvi\u010den\u00ed v roce 2018. P\u0159ed 10.hodinou dopoledne se n\u00e1s se\u0161lo celkem sedm v t\u011blocvi\u010dn\u011b Sokola Bor\u0161ov. T\u0159i iaidist\u00e9 z Bu\u010f\u011bjc, ostatn\u00ed p\u0159espoln\u00ed &#8211; \u010cesk\u00fd Krumlov, Chlum u T\u0159ebon\u011b, Praha\/Hlubok\u00e1 nad Vltavou a Trocnov. V\u0161ichni jsou \u010dleny Kokki d\u00f3d\u017e\u00f3. N\u011bkolik dal\u0161\u00edch \u010dlen\u016f z rodinn\u00fdch [&hellip;]<\/p>\n","protected":false},"author":3,"featured_media":0,"comment_status":"closed","ping_status":"closed","sticky":false,"template":"","format":"standard","meta":{"ngg_post_thumbnail":0,"footnotes":""},"categories":[4,12,15,13,14],"tags":[],"class_list":["post-4229","post","type-post","status-publish","format-standard","hentry","category-akce","category-iaido","category-korju","category-muso-sinden-rju","category-znkr-seitei-iai"],"_links":{"self":[{"href":"http:\/\/www.kokkidojo.cz\/index.php?rest_route=\/wp\/v2\/posts\/4229","targetHints":{"allow":["GET"]}}],"collection":[{"href":"http:\/\/www.kokkidojo.cz\/index.php?rest_route=\/wp\/v2\/posts"}],"about":[{"href":"http:\/\/www.kokkidojo.cz\/index.php?rest_route=\/wp\/v2\/types\/post"}],"author":[{"embeddable":true,"href":"http:\/\/www.kokkidojo.cz\/index.php?rest_route=\/wp\/v2\/users\/3"}],"replies":[{"embeddable":true,"href":"http:\/\/www.kokkidojo.cz\/index.php?rest_route=%2Fwp%2Fv2%2Fcomments&post=4229"}],"version-history":[{"count":17,"href":"http:\/\/www.kokkidojo.cz\/index.php?rest_route=\/wp\/v2\/posts\/4229\/revisions"}],"predecessor-version":[{"id":4249,"href":"http:\/\/www.kokkidojo.cz\/index.php?rest_route=\/wp\/v2\/posts\/4229\/revisions\/4249"}],"wp:attachment":[{"href":"http:\/\/www.kokkidojo.cz\/index.php?rest_route=%2Fwp%2Fv2%2Fmedia&parent=4229"}],"wp:term":[{"taxonomy":"category","embeddable":true,"href":"http:\/\/www.kokkidojo.cz\/index.php?rest_route=%2Fwp%2Fv2%2Fcategories&post=4229"},{"taxonomy":"post_tag","embeddable":true,"href":"http:\/\/www.kokkidojo.cz\/index.php?rest_route=%2Fwp%2Fv2%2Ftags&post=4229"}],"curies":[{"name":"wp","href":"https:\/\/api.w.org\/{rel}","templated":true}]}}