{"id":3946,"date":"2016-10-18T15:22:57","date_gmt":"2016-10-18T13:22:57","guid":{"rendered":"http:\/\/www.kokkidojo.cz\/?p=3946"},"modified":"2016-10-19T22:49:39","modified_gmt":"2016-10-19T20:49:39","slug":"aktualni-informace-ke-cviceni-kendo-v-budejovicich-a-okoli","status":"publish","type":"post","link":"http:\/\/www.kokkidojo.cz\/?p=3946","title":{"rendered":"Aktu\u00e1ln\u00ed informace ke cvi\u010den\u00ed kend\u00f3 v Bud\u011bjovic\u00edch a okol\u00ed"},"content":{"rendered":"<p>V Kokki d\u00f3d\u017e\u00f3 do\u0161lo v posledn\u00edch dvou letech k \u00fatlumu cvi\u010den\u00ed kend\u00f3, n\u011bjak\u00fd \u010das p\u0159ed t\u00edm jsme se kend\u00f3 v\u011bnovali z Kokki d\u00f3d\u017e\u00f3 jen dva. V\u011bt\u0161ina \u010dlen\u016f Kokki d\u00f3d\u017e\u00f3 se v\u011bnuje jen iaid\u00f3, p\u0159\u00edpadn\u011b cvi\u010den\u00ed kend\u00f3 technik s bokut\u00f3 v r\u00e1mci cvi\u010den\u00ed iaid\u00f3 (nikoli v b\u00f3gu a \u0161inajem). Venca M\u00e1\u0161a se p\u0159est\u011bhoval do Prahy a j\u00e1 m\u011bl jin\u00e9 povinnosti, tak jsem svoje cvi\u010den\u00ed kend\u00f3 odsunul a cvi\u010dil jen iaid\u00f3. Moje situace se nyn\u00ed zlep\u0161uje a v posledn\u00ed dob\u011b si \u010das od \u010dasu chod\u00edv\u00e1m zacvi\u010dit do \u010deskobud\u011bjovick\u00e9ho odd\u00edlu Kusanagikai ( <a title=\"http:\/\/www.kusanagi.cz\/\" href=\"http:\/\/www.kusanagi.cz\/\" target=\"_blank\">http:\/\/www.kusanagi.cz\/<\/a> ). Ten p\u0159ed rokem ( l\u00e9to 2015 ) zalo\u017eili Luk\u00e1\u0161 Laibrt (4.dan kend\u00f3) a Ji\u0159\u00ed Vlasat\u00fd (3.dan kend\u00f3 &#8211; p\u016fvodem z D\u011b\u010d\u00edna, ale ji\u017e p\u00e1r let \u017eij\u00edc\u00ed na jihu \u010cech), kte\u0159\u00ed vze\u0161li z Fud\u00f3\u0161inkai \u010cesk\u00e9 Bud\u011bjovice. Sv\u00e9 z\u00e1zem\u00ed na\u0161li v t\u011blocvi\u010dn\u011b Sokola \u010cty\u0159i Dvory (\u010d\u00e1st \u010cesk\u00fdch Bud\u011bjovic) a tam cvi\u010d\u00ed kend\u00f3. Jejich odd\u00edl je \u0159\u00e1dn\u00fdm \u010dlenem \u010cesk\u00e9 federace kend\u00f3, oba maj\u00ed nejvy\u0161\u0161\u00ed technick\u00e9 stupn\u011b v kend\u00f3 na jihu \u010cech, z\u00fa\u010dast\u0148uj\u00ed se kend\u00f3 akc\u00ed tuzemsk\u00fdch i zahrani\u010dn\u00edch s japonsk\u00fdmi nebo evropsk\u00fdmi u\u010diteli.<br \/>\nN\u011bkolikr\u00e1t jsme si tam byl zacvi\u010dit v posledn\u00ed dob\u011b. Byl jsem p\u0159\u00e1telsky p\u0159ijat a dob\u0159e jsem si zacvi\u010dil, rady ke cvi\u010den\u00ed tak\u00e9 dostal a mus\u00edm \u0159\u00edci, \u017ee m\u00fdma o\u010dima se z Kusanagikai st\u00e1v\u00e1 pro kohokoli otev\u0159en\u00e9 m\u00edsto, kde se lze u\u010dit kend\u00f3. To na jihu \u010cech dosud nebylo tak \u00fapln\u011b samoz\u0159ejm\u00e9 a tak jsem cht\u011bl p\u0159\u00edpadn\u00fdm kend\u00f3 z\u00e1jemc\u016fm z ji\u017en\u00edch \u010cech \u010di Bud\u011bjovic sd\u011blit, \u017ee je nyn\u00ed tahle mo\u017enost. Cvi\u010dit tam byl tak\u00e9 Petr Jel\u00ednek z bud\u011bjovick\u00e9ho Komeijyuku, Robert Janovsk\u00fd, kter\u00fd v\u011bt\u0161inu \u010dasu pob\u00fdv\u00e1 v Tokiu, a\u010d je bud\u011bjovick\u00fd rod\u00e1k. Honza C\u00edlek se \u017eenou Jarkou se tam jist\u011b p\u0159i sv\u00fdch cest\u00e1ch na jih \u010cech tak\u00e9 budou ukazovat a jist\u011b i \u010dasem kendist\u00e9 z Vele\u0161\u00edna se p\u0159ipoj\u00ed. Mysl\u00edm si, \u017ee je p\u011bkn\u00e9, \u017ee cvi\u010den\u00ed Bud\u00f3 spojuje lidi. V\u017edy\u0165 je n\u00e1s p\u00e1r a spojen\u00e9 \u00fasil\u00ed pom\u016f\u017ee vybudovat siln\u011bj\u0161\u00ed z\u00e1zem\u00ed.<\/p>\n<p>Tak t\u0159eba n\u011bkdy na vid\u011bnou tam.<br \/>\nBriza<\/p>\n","protected":false},"excerpt":{"rendered":"<p>V Kokki d\u00f3d\u017e\u00f3 do\u0161lo v posledn\u00edch dvou letech k \u00fatlumu cvi\u010den\u00ed kend\u00f3, n\u011bjak\u00fd \u010das p\u0159ed t\u00edm jsme se kend\u00f3 v\u011bnovali z Kokki d\u00f3d\u017e\u00f3 jen dva. V\u011bt\u0161ina \u010dlen\u016f Kokki d\u00f3d\u017e\u00f3 se v\u011bnuje jen iaid\u00f3, p\u0159\u00edpadn\u011b cvi\u010den\u00ed kend\u00f3 technik s bokut\u00f3 v r\u00e1mci cvi\u010den\u00ed iaid\u00f3 (nikoli v b\u00f3gu a \u0161inajem). Venca M\u00e1\u0161a se p\u0159est\u011bhoval do Prahy a [&hellip;]<\/p>\n","protected":false},"author":3,"featured_media":0,"comment_status":"closed","ping_status":"closed","sticky":false,"template":"","format":"standard","meta":{"ngg_post_thumbnail":0,"footnotes":""},"categories":[4,11],"tags":[],"class_list":["post-3946","post","type-post","status-publish","format-standard","hentry","category-akce","category-kendo"],"_links":{"self":[{"href":"http:\/\/www.kokkidojo.cz\/index.php?rest_route=\/wp\/v2\/posts\/3946","targetHints":{"allow":["GET"]}}],"collection":[{"href":"http:\/\/www.kokkidojo.cz\/index.php?rest_route=\/wp\/v2\/posts"}],"about":[{"href":"http:\/\/www.kokkidojo.cz\/index.php?rest_route=\/wp\/v2\/types\/post"}],"author":[{"embeddable":true,"href":"http:\/\/www.kokkidojo.cz\/index.php?rest_route=\/wp\/v2\/users\/3"}],"replies":[{"embeddable":true,"href":"http:\/\/www.kokkidojo.cz\/index.php?rest_route=%2Fwp%2Fv2%2Fcomments&post=3946"}],"version-history":[{"count":8,"href":"http:\/\/www.kokkidojo.cz\/index.php?rest_route=\/wp\/v2\/posts\/3946\/revisions"}],"predecessor-version":[{"id":3948,"href":"http:\/\/www.kokkidojo.cz\/index.php?rest_route=\/wp\/v2\/posts\/3946\/revisions\/3948"}],"wp:attachment":[{"href":"http:\/\/www.kokkidojo.cz\/index.php?rest_route=%2Fwp%2Fv2%2Fmedia&parent=3946"}],"wp:term":[{"taxonomy":"category","embeddable":true,"href":"http:\/\/www.kokkidojo.cz\/index.php?rest_route=%2Fwp%2Fv2%2Fcategories&post=3946"},{"taxonomy":"post_tag","embeddable":true,"href":"http:\/\/www.kokkidojo.cz\/index.php?rest_route=%2Fwp%2Fv2%2Ftags&post=3946"}],"curies":[{"name":"wp","href":"https:\/\/api.w.org\/{rel}","templated":true}]}}